{"id":4270,"date":"2024-11-18T11:00:32","date_gmt":"2024-11-18T14:00:32","guid":{"rendered":"https:\/\/tarkett.com.br\/blog\/?p=4270"},"modified":"2024-11-14T15:30:11","modified_gmt":"2024-11-14T18:30:11","slug":"piso-vinilico-na-cozinha-durabilidade-estilo-e-facilidade-de-limpeza","status":"publish","type":"post","link":"https:\/\/tarkett.com.br\/blog\/piso-vinilico-na-cozinha-durabilidade-estilo-e-facilidade-de-limpeza\/","title":{"rendered":"Piso vin\u00edlico na cozinha: durabilidade, estilo e facilidade de limpeza"},"content":{"rendered":"<p><span style=\"font-weight: 400;\">Talvez por ainda ser uma novidade para muitas pessoas, o <\/span><b>piso vin\u00edlico<\/b><span style=\"font-weight: 400;\"> costuma estar associado a <\/span><a href=\"https:\/\/tarkett.com.br\/blog\/mitos-e-verdades-sobre-os-pisos-vinilicos\/\"><b>mitos<\/b><\/a><span style=\"font-weight: 400;\">. Um dos mais comuns \u00e9 aquele que diz que n\u00e3o \u00e9 poss\u00edvel utiliz\u00e1-lo em <\/span><b>cozinhas,<\/b><span style=\"font-weight: 400;\"> d\u00e1 pra acreditar? \ud83d\ude02<\/span><\/p>\n<p dir=\"ltr\" style=\"line-height: 1.38; text-align: justify; margin-top: 0pt; margin-bottom: 0pt;\">\n<p><span style=\"font-weight: 400;\">O argumento por tr\u00e1s deste mito se baseia na cren\u00e7a de que o piso poderia manchar ou ser dif\u00edcil de limpar ao entrar em contato com alimentos, gordura e l\u00edquidos, incidentes comuns em qualquer cozinha.<\/span><\/p>\n<p dir=\"ltr\" style=\"line-height: 1.38; text-align: justify; margin-top: 0pt; margin-bottom: 0pt;\">\n<p><span style=\"font-weight: 400;\">Afinal, qual \u00e9 a verdade: o piso vin\u00edlico pode ou n\u00e3o ser usado para revestir a cozinha?<\/span><\/p>\n<figure id=\"attachment_4274\" aria-describedby=\"caption-attachment-4274\" style=\"width: 2560px\" class=\"wp-caption alignnone\"><img loading=\"lazy\" decoding=\"async\" class=\"size-full wp-image-4274\" src=\"https:\/\/tarkett.com.br\/blog\/wp-content\/uploads\/2024\/11\/Depois-Cozinha-Raul-Lemos-Projeto-Ricardo-Abreu-Missao-Decor-Tarkett-29-alta-scaled.jpg\" alt=\"Cozinha com piso em manta, Linha iQ Surface  - Piso Vin\u00edlico Cor 21089165\" width=\"2560\" height=\"1707\" srcset=\"https:\/\/tarkett.com.br\/blog\/wp-content\/uploads\/2024\/11\/Depois-Cozinha-Raul-Lemos-Projeto-Ricardo-Abreu-Missao-Decor-Tarkett-29-alta-scaled.jpg 2560w, https:\/\/tarkett.com.br\/blog\/wp-content\/uploads\/2024\/11\/Depois-Cozinha-Raul-Lemos-Projeto-Ricardo-Abreu-Missao-Decor-Tarkett-29-alta-300x200.jpg 300w, https:\/\/tarkett.com.br\/blog\/wp-content\/uploads\/2024\/11\/Depois-Cozinha-Raul-Lemos-Projeto-Ricardo-Abreu-Missao-Decor-Tarkett-29-alta-1024x683.jpg 1024w, https:\/\/tarkett.com.br\/blog\/wp-content\/uploads\/2024\/11\/Depois-Cozinha-Raul-Lemos-Projeto-Ricardo-Abreu-Missao-Decor-Tarkett-29-alta-768x512.jpg 768w, https:\/\/tarkett.com.br\/blog\/wp-content\/uploads\/2024\/11\/Depois-Cozinha-Raul-Lemos-Projeto-Ricardo-Abreu-Missao-Decor-Tarkett-29-alta-1536x1024.jpg 1536w, https:\/\/tarkett.com.br\/blog\/wp-content\/uploads\/2024\/11\/Depois-Cozinha-Raul-Lemos-Projeto-Ricardo-Abreu-Missao-Decor-Tarkett-29-alta-2048x1365.jpg 2048w, https:\/\/tarkett.com.br\/blog\/wp-content\/uploads\/2024\/11\/Depois-Cozinha-Raul-Lemos-Projeto-Ricardo-Abreu-Missao-Decor-Tarkett-29-alta-370x247.jpg 370w, https:\/\/tarkett.com.br\/blog\/wp-content\/uploads\/2024\/11\/Depois-Cozinha-Raul-Lemos-Projeto-Ricardo-Abreu-Missao-Decor-Tarkett-29-alta-760x507.jpg 760w\" sizes=\"auto, (max-width: 2560px) 100vw, 2560px\" \/><figcaption id=\"caption-attachment-4274\" class=\"wp-caption-text\">Linha iQ Surface &#8211; Piso Vin\u00edlico Cor 21089165<\/figcaption><\/figure>\n<p>&nbsp;<\/p>\n<p><b>SIM!<\/b><span style=\"font-weight: 400;\"> O piso vin\u00edlico n\u00e3o apenas \u00e9 recomendado para cozinhas residenciais, como tamb\u00e9m \u00e9 muito bem-vindo dada a quantidade de vantagens que ele agrega para um ambiente t\u00e3o din\u00e2mico e importante como esse!<\/span><\/p>\n<p><span style=\"font-weight: 400;\">No post de hoje do <\/span><a href=\"https:\/\/tarkett.com.br\/blog\"><b>Blog da Tarkett<\/b><\/a><span style=\"font-weight: 400;\">, vamos acabar com esse mito de uma vez por todas! Aqui voc\u00ea vai aprender a escolher o tipo de piso vin\u00edlico correto para cozinhas e as vantagens de escolher este revestimento como seu pr\u00f3ximo piso! \ud83d\ude42<\/span><\/p>\n<figure id=\"attachment_4271\" aria-describedby=\"caption-attachment-4271\" style=\"width: 2560px\" class=\"wp-caption alignnone\"><img loading=\"lazy\" decoding=\"async\" class=\"size-full wp-image-4271\" src=\"https:\/\/tarkett.com.br\/blog\/wp-content\/uploads\/2024\/11\/Piso-Vinilico-Cor-Peonia-Linha-Injoy-Tarkett-scaled.jpg\" alt=\"Cozinha integrada com sala, Linha Injoy - Piso Vin\u00edlico Cor Pe\u00f4nia\" width=\"2560\" height=\"1703\" srcset=\"https:\/\/tarkett.com.br\/blog\/wp-content\/uploads\/2024\/11\/Piso-Vinilico-Cor-Peonia-Linha-Injoy-Tarkett-scaled.jpg 2560w, https:\/\/tarkett.com.br\/blog\/wp-content\/uploads\/2024\/11\/Piso-Vinilico-Cor-Peonia-Linha-Injoy-Tarkett-300x200.jpg 300w, https:\/\/tarkett.com.br\/blog\/wp-content\/uploads\/2024\/11\/Piso-Vinilico-Cor-Peonia-Linha-Injoy-Tarkett-1024x681.jpg 1024w, https:\/\/tarkett.com.br\/blog\/wp-content\/uploads\/2024\/11\/Piso-Vinilico-Cor-Peonia-Linha-Injoy-Tarkett-768x511.jpg 768w, https:\/\/tarkett.com.br\/blog\/wp-content\/uploads\/2024\/11\/Piso-Vinilico-Cor-Peonia-Linha-Injoy-Tarkett-1536x1022.jpg 1536w, https:\/\/tarkett.com.br\/blog\/wp-content\/uploads\/2024\/11\/Piso-Vinilico-Cor-Peonia-Linha-Injoy-Tarkett-2048x1363.jpg 2048w, https:\/\/tarkett.com.br\/blog\/wp-content\/uploads\/2024\/11\/Piso-Vinilico-Cor-Peonia-Linha-Injoy-Tarkett-370x246.jpg 370w, https:\/\/tarkett.com.br\/blog\/wp-content\/uploads\/2024\/11\/Piso-Vinilico-Cor-Peonia-Linha-Injoy-Tarkett-760x506.jpg 760w\" sizes=\"auto, (max-width: 2560px) 100vw, 2560px\" \/><figcaption id=\"caption-attachment-4271\" class=\"wp-caption-text\">Linha Injoy &#8211; Piso Vin\u00edlico Cor Pe\u00f4nia<\/figcaption><\/figure>\n<h2><b>Qual tipo de piso vin\u00edlico utilizar na cozinha?<\/b><\/h2>\n<p><span style=\"font-weight: 400;\">N\u00e3o h\u00e1 uma restri\u00e7\u00e3o que impede a escolha de um tipo espec\u00edfico de piso vin\u00edlico para cozinha, portanto, seja ele <\/span><a href=\"https:\/\/tarkett.com.br\/blog\/diferenca-entre-piso-vinilico-clicado-e-colado\/\"><b>clicado ou colado<\/b><\/a><span style=\"font-weight: 400;\">, seja ele uma <\/span><a href=\"https:\/\/tarkett.com.br\/blog\/diferencas-entre-pisos-vinilicos-em-mantas-reguas-e-placas-dicas-para-usar\/\"><b>placa, uma r\u00e9gua ou uma manta<\/b><\/a><span style=\"font-weight: 400;\">, todos v\u00e3o entregar praticamente os mesmos benef\u00edcios.<\/span><\/p>\n<p><span style=\"font-weight: 400;\">Ocorre que em uma cozinha, sobretudo aqui no Brasil, notamos que h\u00e1 uma prefer\u00eancia das pessoas em poder lavar este ambiente, uma vez que a din\u00e2mica do preparo das refei\u00e7\u00f5es acaba sujando bastante o espa\u00e7o.<\/span><\/p>\n<p><span style=\"font-weight: 400;\">Se esse \u00e9 o seu caso, a <\/span><a href=\"https:\/\/tarkett.com.br\/\"><b>Tarkett<\/b><\/a><span style=\"font-weight: 400;\"> recomenda a escolha de um piso vin\u00edlico do tipo colado (modular ou manta), que pode ser lavado, desde que voc\u00ea siga os procedimentos recomendados para limpeza (<\/span><a href=\"https:\/\/www.youtube.com\/watch?v=to-3rHyzKdw\"><b>clique aqui para assistir<\/b><\/a><span style=\"font-weight: 400;\">) e n\u00e3o deixe a l\u00e2mina da \u00e1gua secar \u201cno tempo\u201d.<\/span><\/p>\n<p><span style=\"font-weight: 400;\">O clicado n\u00e3o \u00e9 recomendado para pessoas que preferem lavar o piso da cozinha porque ele \u00e9 apenas encaixado sobre a superf\u00edcie, n\u00e3o h\u00e1 a aplica\u00e7\u00e3o de adesivo. Isso significa que a \u00e1gua escorre pelas juntas e se acumula no contrapiso, gerando problemas como infiltra\u00e7\u00f5es e mau cheiro.<\/span><\/p>\n<p><span style=\"font-weight: 400;\">Se voc\u00ea n\u00e3o tem o h\u00e1bito de lavar a cozinha, ent\u00e3o n\u00e3o h\u00e1 o menor problema: diferente de um <\/span><a href=\"https:\/\/tarkett.com.br\/blog\/piso-vinilico-ou-piso-laminado-existe-diferenca\/\"><b>laminado<\/b><\/a><span style=\"font-weight: 400;\">, \u00e9 poss\u00edvel utilizar o piso clicado e mant\u00ea-lo limpo apenas seguindo o ritual da limpeza (<\/span><a href=\"https:\/\/www.youtube.com\/watch?v=VMheOcmzWz4\"><b>clique aqui para assistir<\/b><\/a><span style=\"font-weight: 400;\">).<\/span><\/p>\n<figure id=\"attachment_4272\" aria-describedby=\"caption-attachment-4272\" style=\"width: 2560px\" class=\"wp-caption alignnone\"><img loading=\"lazy\" decoding=\"async\" class=\"size-full wp-image-4272\" src=\"https:\/\/tarkett.com.br\/blog\/wp-content\/uploads\/2024\/11\/Piso-Vinilico-Cor-Asturias-Linha-Tech-Colecao-Essence-Tarkett-alta-scaled.jpg\" alt=\"Cozinha, Linha Tech Cole\u00e7\u00e3o Essence - Piso Vin\u00edlico Cor Ast\u00farias\n\" width=\"2560\" height=\"1707\" srcset=\"https:\/\/tarkett.com.br\/blog\/wp-content\/uploads\/2024\/11\/Piso-Vinilico-Cor-Asturias-Linha-Tech-Colecao-Essence-Tarkett-alta-scaled.jpg 2560w, https:\/\/tarkett.com.br\/blog\/wp-content\/uploads\/2024\/11\/Piso-Vinilico-Cor-Asturias-Linha-Tech-Colecao-Essence-Tarkett-alta-300x200.jpg 300w, https:\/\/tarkett.com.br\/blog\/wp-content\/uploads\/2024\/11\/Piso-Vinilico-Cor-Asturias-Linha-Tech-Colecao-Essence-Tarkett-alta-1024x683.jpg 1024w, https:\/\/tarkett.com.br\/blog\/wp-content\/uploads\/2024\/11\/Piso-Vinilico-Cor-Asturias-Linha-Tech-Colecao-Essence-Tarkett-alta-768x512.jpg 768w, https:\/\/tarkett.com.br\/blog\/wp-content\/uploads\/2024\/11\/Piso-Vinilico-Cor-Asturias-Linha-Tech-Colecao-Essence-Tarkett-alta-1536x1024.jpg 1536w, https:\/\/tarkett.com.br\/blog\/wp-content\/uploads\/2024\/11\/Piso-Vinilico-Cor-Asturias-Linha-Tech-Colecao-Essence-Tarkett-alta-2048x1365.jpg 2048w, https:\/\/tarkett.com.br\/blog\/wp-content\/uploads\/2024\/11\/Piso-Vinilico-Cor-Asturias-Linha-Tech-Colecao-Essence-Tarkett-alta-370x247.jpg 370w, https:\/\/tarkett.com.br\/blog\/wp-content\/uploads\/2024\/11\/Piso-Vinilico-Cor-Asturias-Linha-Tech-Colecao-Essence-Tarkett-alta-760x507.jpg 760w\" sizes=\"auto, (max-width: 2560px) 100vw, 2560px\" \/><figcaption id=\"caption-attachment-4272\" class=\"wp-caption-text\"><br \/>Linha Tech Cole\u00e7\u00e3o Essence &#8211; Piso Vin\u00edlico Cor Ast\u00farias<\/figcaption><\/figure>\n<h2><b>Vantagens do piso vin\u00edlico na cozinha<\/b><\/h2>\n<p><span style=\"font-weight: 400;\">Perdoem-nos pela analogia, mas o fato \u00e9 que o card\u00e1pio de vantagens do piso vin\u00edlico na cozinha \u00e9 muito variado. Op\u00e7\u00f5es n\u00e3o faltam para transformar a experi\u00eancia neste ambiente. Confira:<\/span><\/p>\n<h3><i><span style=\"font-weight: 400;\">Facilidade de limpeza<\/span><\/i><\/h3>\n<p><span style=\"font-weight: 400;\">N\u00e3o h\u00e1 como viver em uma cozinha sem limp\u00e1-la. Se existem op\u00e7\u00f5es que tornam esse processo ainda mais f\u00e1cil, por que n\u00e3o investir nisso? A Tarkett desenvolveu tecnologias como a <\/span><a href=\"https:\/\/tarkett.com.br\/blog\/piso-facil-de-limpar\/\"><b>Extreme Protection<\/b><\/a><span style=\"font-weight: 400;\"> justamente para isso.<\/span><\/p>\n<p><span style=\"font-weight: 400;\">O tratamento aplicado sobre a superf\u00edcie torna o piso at\u00e9 7x menos poroso e, por consequ\u00eancia, mais f\u00e1cil de limpar na mesma propor\u00e7\u00e3o. Isso significa que fica muito mais f\u00e1cil remover peda\u00e7os de alimentos, comida, gordura e l\u00edquidos, sem dar moleza para poss\u00edveis manchas.<\/span><\/p>\n<p><span style=\"font-weight: 400;\">Conforme explicamos acima, voc\u00ea pode at\u00e9 lavar o piso se for do tipo colado, mas no dia a dia voc\u00ea vai acabar percebendo que manter um piso Tarkett limpo requer menos \u00e1gua e produtos qu\u00edmicos &#8211; \u00e9 economia na certa! \ud83d\udc4f<\/span><\/p>\n<h3><i><span style=\"font-weight: 400;\">Conforto acima da m\u00e9dia<\/span><\/i><\/h3>\n<p><span style=\"font-weight: 400;\">De nada adianta ter uma cozinha f\u00e1cil de limpar se, na pr\u00e1tica, voc\u00ea n\u00e3o v\u00ea a hora de sair dela. Seja qual for o ambiente, tudo que queremos \u00e9 nos sentirmos \u00e0 vontade e acolhidos dentro de casa.<\/span><\/p>\n<p><span style=\"font-weight: 400;\">Tornar a cozinha mais confort\u00e1vel \u00e9 algo a se pensar, sobretudo, se levarmos em conta que \u00e9 um ambiente que precisamos lidar com o desconforto gerado pelo excesso de barulho e calor. Por que se acostumar com algo que pode ser aperfei\u00e7oado?<\/span><\/p>\n<p><span style=\"font-weight: 400;\">O piso vin\u00edlico \u00e9 uma \u00f3tima escolha para cozinhas por ser um revestimento que n\u00e3o se deixa influenciar pelas varia\u00e7\u00f5es de temperatura internas e externas, al\u00e9m de possuir um excelente desempenho ac\u00fastico. Ele absorve o som do impacto e reverbera o barulho em menor intensidade. Conforto para o ano todo, seja qual for a receita!<\/span><\/p>\n<h3><i><span style=\"font-weight: 400;\">Variedade de cores e estilos<\/span><\/i><\/h3>\n<p><span style=\"font-weight: 400;\">Olhe para a sua cozinha atualmente e reflita: ela reflete tudo aquilo que voc\u00ea se identifica e gostaria de expressar? Fica muito mais f\u00e1cil atingir esse objetivo quando h\u00e1 op\u00e7\u00f5es de sobra no piso vin\u00edlico em termos de linhas, formatos, padr\u00f5es, cores e texturas.<\/span><\/p>\n<p><span style=\"font-weight: 400;\">Engana-se quem pensa, no entanto, que \u00e9 preciso mover mundos e fundos para reformar o piso de uma cozinha. A depender do tipo e do estado do piso atual, pode ser que voc\u00ea nem precise retir\u00e1-lo, j\u00e1 que o piso vin\u00edlico pode ser aplicado sobre outros revestimentos j\u00e1 existentes &#8211; <\/span><a href=\"https:\/\/www.youtube.com\/watch?v=VMheOcmzWz4\"><b>saiba mais aqui<\/b><\/a><span style=\"font-weight: 400;\">.<\/span><\/p>\n<p><span style=\"font-weight: 400;\">Piso vin\u00edlico e reforma t\u00eam tudo a ver e para mostrar isso na pr\u00e1tica, vale muito a pena voc\u00ea conferir um dos epis\u00f3dios da <\/span><a href=\"https:\/\/www.youtube.com\/playlist?list=PLHdIG2DlvF99d3NbtgNfFQZOu71lpqi0W\"><b>2\u00aa Temporada do Miss\u00e3o D\u00e9cor Tarkett<\/b><\/a><span style=\"font-weight: 400;\">, onde o arquiteto <\/span><b>Ricardo Abreu<\/b><span style=\"font-weight: 400;\"> comandou a reforma de uma cozinha, mas n\u00e3o uma cozinha qualquer: uma cozinha de chef!<\/span><\/p>\n<p><iframe loading=\"lazy\" title=\"Miss\u00e3o D\u00e9cor Tarkett II - A nova cozinha amarela do Chef Raul Lemos.\" width=\"1170\" height=\"658\" src=\"https:\/\/www.youtube.com\/embed\/CWVnz9jo-nA?feature=oembed&#038;enablejsapi=1&#038;origin=https:\/\/tarkett.com.br\" frameborder=\"0\" allow=\"accelerometer; autoplay; clipboard-write; encrypted-media; gyroscope; picture-in-picture; web-share\" referrerpolicy=\"strict-origin-when-cross-origin\" allowfullscreen><\/iframe><\/p>\n<p><b>Ficou claro agora porque o mito do \u201cpiso vin\u00edlico e cozinha n\u00e3o combinam\u201d n\u00e3o faz o menor sentido? <\/b><a href=\"https:\/\/tarkett.com.br\/segmentos\/residencial\/cozinha\"><b>CLIQUE AQUI<\/b><\/a><b> e conhe\u00e7a todas as linhas de piso vin\u00edlico da Tarkett que podem ser aplicadas em cozinhas residenciais!<\/b><\/p>\n","protected":false},"excerpt":{"rendered":"<p>Talvez por ainda ser uma novidade para muitas pessoas, o piso vin\u00edlico costuma estar associado a mitos. Um dos mais comuns \u00e9 aquele que diz que n\u00e3o \u00e9 poss\u00edvel utiliz\u00e1-lo&hellip;<\/p>\n","protected":false},"author":16,"featured_media":4273,"comment_status":"open","ping_status":"open","sticky":false,"template":"","format":"standard","meta":{"footnotes":""},"categories":[2,3,7],"tags":[],"class_list":["post-4270","post","type-post","status-publish","format-standard","has-post-thumbnail","hentry","category-beneficios","category-decoracao","category-tendencias"],"yoast_head":"<!-- This site is optimized with the Yoast SEO plugin v24.3 - https:\/\/yoast.com\/wordpress\/plugins\/seo\/ -->\n<title>Piso vin\u00edlico na cozinha: durabilidade, estilo e facilidade de limpeza - Blog Tarkett<\/title>\n<meta name=\"description\" content=\"Piso vin\u00edlico na cozinha? Sim! Descubra o porqu\u00ea o piso vin\u00edlico colado, clicado, em placas ou manta tem tudo para ser seu queridinho!\" \/>\n<meta name=\"robots\" content=\"index, follow, max-snippet:-1, max-image-preview:large, max-video-preview:-1\" \/>\n<link rel=\"canonical\" href=\"https:\/\/tarkett.com.br\/blog\/piso-vinilico-na-cozinha-durabilidade-estilo-e-facilidade-de-limpeza\/\" \/>\n<meta property=\"og:locale\" content=\"pt_BR\" \/>\n<meta property=\"og:type\" content=\"article\" \/>\n<meta property=\"og:title\" content=\"Piso vin\u00edlico na cozinha: durabilidade, estilo e facilidade de limpeza - Blog Tarkett\" \/>\n<meta property=\"og:description\" content=\"Piso vin\u00edlico na cozinha? Sim! Descubra o porqu\u00ea o piso vin\u00edlico colado, clicado, em placas ou manta tem tudo para ser seu queridinho!\" \/>\n<meta property=\"og:url\" content=\"https:\/\/tarkett.com.br\/blog\/piso-vinilico-na-cozinha-durabilidade-estilo-e-facilidade-de-limpeza\/\" \/>\n<meta property=\"og:site_name\" content=\"Blog Tarkett\" \/>\n<meta property=\"article:published_time\" content=\"2024-11-18T14:00:32+00:00\" \/>\n<meta property=\"article:modified_time\" content=\"2024-11-14T18:30:11+00:00\" \/>\n<meta property=\"og:image\" content=\"https:\/\/tarkett.com.br\/blog\/wp-content\/uploads\/2024\/11\/Depois-Cozinha-Raul-Lemos-Projeto-Ricardo-Abreu-Missao-Decor-Tarkett-39-alta-scaled.jpg\" \/>\n\t<meta property=\"og:image:width\" content=\"2560\" \/>\n\t<meta property=\"og:image:height\" content=\"1707\" \/>\n\t<meta property=\"og:image:type\" content=\"image\/jpeg\" \/>\n<meta name=\"author\" content=\"admin\" \/>\n<meta name=\"twitter:card\" content=\"summary_large_image\" \/>\n<meta name=\"twitter:label1\" content=\"Escrito por\" \/>\n\t<meta name=\"twitter:data1\" content=\"admin\" \/>\n\t<meta name=\"twitter:label2\" content=\"Est. tempo de leitura\" \/>\n\t<meta name=\"twitter:data2\" content=\"6 minutos\" \/>\n<script type=\"application\/ld+json\" class=\"yoast-schema-graph\">{\"@context\":\"https:\/\/schema.org\",\"@graph\":[{\"@type\":\"WebPage\",\"@id\":\"https:\/\/tarkett.com.br\/blog\/piso-vinilico-na-cozinha-durabilidade-estilo-e-facilidade-de-limpeza\/\",\"url\":\"https:\/\/tarkett.com.br\/blog\/piso-vinilico-na-cozinha-durabilidade-estilo-e-facilidade-de-limpeza\/\",\"name\":\"Piso vin\u00edlico na cozinha: durabilidade, estilo e facilidade de limpeza - Blog Tarkett\",\"isPartOf\":{\"@id\":\"https:\/\/tarkett.com.br\/blog\/#website\"},\"primaryImageOfPage\":{\"@id\":\"https:\/\/tarkett.com.br\/blog\/piso-vinilico-na-cozinha-durabilidade-estilo-e-facilidade-de-limpeza\/#primaryimage\"},\"image\":{\"@id\":\"https:\/\/tarkett.com.br\/blog\/piso-vinilico-na-cozinha-durabilidade-estilo-e-facilidade-de-limpeza\/#primaryimage\"},\"thumbnailUrl\":\"https:\/\/tarkett.com.br\/blog\/wp-content\/uploads\/2024\/11\/Depois-Cozinha-Raul-Lemos-Projeto-Ricardo-Abreu-Missao-Decor-Tarkett-39-alta-scaled.jpg\",\"datePublished\":\"2024-11-18T14:00:32+00:00\",\"dateModified\":\"2024-11-14T18:30:11+00:00\",\"author\":{\"@id\":\"https:\/\/tarkett.com.br\/blog\/#\/schema\/person\/b67fc14052530ea1d55e11fef50f7910\"},\"description\":\"Piso vin\u00edlico na cozinha? Sim! Descubra o porqu\u00ea o piso vin\u00edlico colado, clicado, em placas ou manta tem tudo para ser seu queridinho!\",\"breadcrumb\":{\"@id\":\"https:\/\/tarkett.com.br\/blog\/piso-vinilico-na-cozinha-durabilidade-estilo-e-facilidade-de-limpeza\/#breadcrumb\"},\"inLanguage\":\"pt-BR\",\"potentialAction\":[{\"@type\":\"ReadAction\",\"target\":[\"https:\/\/tarkett.com.br\/blog\/piso-vinilico-na-cozinha-durabilidade-estilo-e-facilidade-de-limpeza\/\"]}]},{\"@type\":\"ImageObject\",\"inLanguage\":\"pt-BR\",\"@id\":\"https:\/\/tarkett.com.br\/blog\/piso-vinilico-na-cozinha-durabilidade-estilo-e-facilidade-de-limpeza\/#primaryimage\",\"url\":\"https:\/\/tarkett.com.br\/blog\/wp-content\/uploads\/2024\/11\/Depois-Cozinha-Raul-Lemos-Projeto-Ricardo-Abreu-Missao-Decor-Tarkett-39-alta-scaled.jpg\",\"contentUrl\":\"https:\/\/tarkett.com.br\/blog\/wp-content\/uploads\/2024\/11\/Depois-Cozinha-Raul-Lemos-Projeto-Ricardo-Abreu-Missao-Decor-Tarkett-39-alta-scaled.jpg\",\"width\":2560,\"height\":1707},{\"@type\":\"BreadcrumbList\",\"@id\":\"https:\/\/tarkett.com.br\/blog\/piso-vinilico-na-cozinha-durabilidade-estilo-e-facilidade-de-limpeza\/#breadcrumb\",\"itemListElement\":[{\"@type\":\"ListItem\",\"position\":1,\"name\":\"Home\",\"item\":\"https:\/\/tarkett.com.br\/blog\/\"},{\"@type\":\"ListItem\",\"position\":2,\"name\":\"Piso vin\u00edlico na cozinha: durabilidade, estilo e facilidade de limpeza\"}]},{\"@type\":\"WebSite\",\"@id\":\"https:\/\/tarkett.com.br\/blog\/#website\",\"url\":\"https:\/\/tarkett.com.br\/blog\/\",\"name\":\"Blog Tarkett\",\"description\":\"Tarkett - L\u00edder mundial em pisos vin\u00edlicos\",\"potentialAction\":[{\"@type\":\"SearchAction\",\"target\":{\"@type\":\"EntryPoint\",\"urlTemplate\":\"https:\/\/tarkett.com.br\/blog\/?s={search_term_string}\"},\"query-input\":{\"@type\":\"PropertyValueSpecification\",\"valueRequired\":true,\"valueName\":\"search_term_string\"}}],\"inLanguage\":\"pt-BR\"},{\"@type\":\"Person\",\"@id\":\"https:\/\/tarkett.com.br\/blog\/#\/schema\/person\/b67fc14052530ea1d55e11fef50f7910\",\"name\":\"admin\",\"image\":{\"@type\":\"ImageObject\",\"inLanguage\":\"pt-BR\",\"@id\":\"https:\/\/tarkett.com.br\/blog\/#\/schema\/person\/image\/\",\"url\":\"https:\/\/secure.gravatar.com\/avatar\/a7e080ef13e6a4c50d6f3fe512e2ae577134663a8cd649e8c8f85432ec83a5e6?s=96&d=mm&r=g\",\"contentUrl\":\"https:\/\/secure.gravatar.com\/avatar\/a7e080ef13e6a4c50d6f3fe512e2ae577134663a8cd649e8c8f85432ec83a5e6?s=96&d=mm&r=g\",\"caption\":\"admin\"},\"url\":\"https:\/\/tarkett.com.br\/blog\/author\/admin\/\"}]}<\/script>\n<!-- \/ Yoast SEO plugin. -->","yoast_head_json":{"title":"Piso vin\u00edlico na cozinha: durabilidade, estilo e facilidade de limpeza - Blog Tarkett","description":"Piso vin\u00edlico na cozinha? Sim! Descubra o porqu\u00ea o piso vin\u00edlico colado, clicado, em placas ou manta tem tudo para ser seu queridinho!","robots":{"index":"index","follow":"follow","max-snippet":"max-snippet:-1","max-image-preview":"max-image-preview:large","max-video-preview":"max-video-preview:-1"},"canonical":"https:\/\/tarkett.com.br\/blog\/piso-vinilico-na-cozinha-durabilidade-estilo-e-facilidade-de-limpeza\/","og_locale":"pt_BR","og_type":"article","og_title":"Piso vin\u00edlico na cozinha: durabilidade, estilo e facilidade de limpeza - Blog Tarkett","og_description":"Piso vin\u00edlico na cozinha? Sim! Descubra o porqu\u00ea o piso vin\u00edlico colado, clicado, em placas ou manta tem tudo para ser seu queridinho!","og_url":"https:\/\/tarkett.com.br\/blog\/piso-vinilico-na-cozinha-durabilidade-estilo-e-facilidade-de-limpeza\/","og_site_name":"Blog Tarkett","article_published_time":"2024-11-18T14:00:32+00:00","article_modified_time":"2024-11-14T18:30:11+00:00","og_image":[{"width":2560,"height":1707,"url":"https:\/\/tarkett.com.br\/blog\/wp-content\/uploads\/2024\/11\/Depois-Cozinha-Raul-Lemos-Projeto-Ricardo-Abreu-Missao-Decor-Tarkett-39-alta-scaled.jpg","type":"image\/jpeg"}],"author":"admin","twitter_card":"summary_large_image","twitter_misc":{"Escrito por":"admin","Est. tempo de leitura":"6 minutos"},"schema":{"@context":"https:\/\/schema.org","@graph":[{"@type":"WebPage","@id":"https:\/\/tarkett.com.br\/blog\/piso-vinilico-na-cozinha-durabilidade-estilo-e-facilidade-de-limpeza\/","url":"https:\/\/tarkett.com.br\/blog\/piso-vinilico-na-cozinha-durabilidade-estilo-e-facilidade-de-limpeza\/","name":"Piso vin\u00edlico na cozinha: durabilidade, estilo e facilidade de limpeza - Blog Tarkett","isPartOf":{"@id":"https:\/\/tarkett.com.br\/blog\/#website"},"primaryImageOfPage":{"@id":"https:\/\/tarkett.com.br\/blog\/piso-vinilico-na-cozinha-durabilidade-estilo-e-facilidade-de-limpeza\/#primaryimage"},"image":{"@id":"https:\/\/tarkett.com.br\/blog\/piso-vinilico-na-cozinha-durabilidade-estilo-e-facilidade-de-limpeza\/#primaryimage"},"thumbnailUrl":"https:\/\/tarkett.com.br\/blog\/wp-content\/uploads\/2024\/11\/Depois-Cozinha-Raul-Lemos-Projeto-Ricardo-Abreu-Missao-Decor-Tarkett-39-alta-scaled.jpg","datePublished":"2024-11-18T14:00:32+00:00","dateModified":"2024-11-14T18:30:11+00:00","author":{"@id":"https:\/\/tarkett.com.br\/blog\/#\/schema\/person\/b67fc14052530ea1d55e11fef50f7910"},"description":"Piso vin\u00edlico na cozinha? Sim! Descubra o porqu\u00ea o piso vin\u00edlico colado, clicado, em placas ou manta tem tudo para ser seu queridinho!","breadcrumb":{"@id":"https:\/\/tarkett.com.br\/blog\/piso-vinilico-na-cozinha-durabilidade-estilo-e-facilidade-de-limpeza\/#breadcrumb"},"inLanguage":"pt-BR","potentialAction":[{"@type":"ReadAction","target":["https:\/\/tarkett.com.br\/blog\/piso-vinilico-na-cozinha-durabilidade-estilo-e-facilidade-de-limpeza\/"]}]},{"@type":"ImageObject","inLanguage":"pt-BR","@id":"https:\/\/tarkett.com.br\/blog\/piso-vinilico-na-cozinha-durabilidade-estilo-e-facilidade-de-limpeza\/#primaryimage","url":"https:\/\/tarkett.com.br\/blog\/wp-content\/uploads\/2024\/11\/Depois-Cozinha-Raul-Lemos-Projeto-Ricardo-Abreu-Missao-Decor-Tarkett-39-alta-scaled.jpg","contentUrl":"https:\/\/tarkett.com.br\/blog\/wp-content\/uploads\/2024\/11\/Depois-Cozinha-Raul-Lemos-Projeto-Ricardo-Abreu-Missao-Decor-Tarkett-39-alta-scaled.jpg","width":2560,"height":1707},{"@type":"BreadcrumbList","@id":"https:\/\/tarkett.com.br\/blog\/piso-vinilico-na-cozinha-durabilidade-estilo-e-facilidade-de-limpeza\/#breadcrumb","itemListElement":[{"@type":"ListItem","position":1,"name":"Home","item":"https:\/\/tarkett.com.br\/blog\/"},{"@type":"ListItem","position":2,"name":"Piso vin\u00edlico na cozinha: durabilidade, estilo e facilidade de limpeza"}]},{"@type":"WebSite","@id":"https:\/\/tarkett.com.br\/blog\/#website","url":"https:\/\/tarkett.com.br\/blog\/","name":"Blog Tarkett","description":"Tarkett - L\u00edder mundial em pisos vin\u00edlicos","potentialAction":[{"@type":"SearchAction","target":{"@type":"EntryPoint","urlTemplate":"https:\/\/tarkett.com.br\/blog\/?s={search_term_string}"},"query-input":{"@type":"PropertyValueSpecification","valueRequired":true,"valueName":"search_term_string"}}],"inLanguage":"pt-BR"},{"@type":"Person","@id":"https:\/\/tarkett.com.br\/blog\/#\/schema\/person\/b67fc14052530ea1d55e11fef50f7910","name":"admin","image":{"@type":"ImageObject","inLanguage":"pt-BR","@id":"https:\/\/tarkett.com.br\/blog\/#\/schema\/person\/image\/","url":"https:\/\/secure.gravatar.com\/avatar\/a7e080ef13e6a4c50d6f3fe512e2ae577134663a8cd649e8c8f85432ec83a5e6?s=96&d=mm&r=g","contentUrl":"https:\/\/secure.gravatar.com\/avatar\/a7e080ef13e6a4c50d6f3fe512e2ae577134663a8cd649e8c8f85432ec83a5e6?s=96&d=mm&r=g","caption":"admin"},"url":"https:\/\/tarkett.com.br\/blog\/author\/admin\/"}]}},"_links":{"self":[{"href":"https:\/\/tarkett.com.br\/blog\/wp-json\/wp\/v2\/posts\/4270","targetHints":{"allow":["GET"]}}],"collection":[{"href":"https:\/\/tarkett.com.br\/blog\/wp-json\/wp\/v2\/posts"}],"about":[{"href":"https:\/\/tarkett.com.br\/blog\/wp-json\/wp\/v2\/types\/post"}],"author":[{"embeddable":true,"href":"https:\/\/tarkett.com.br\/blog\/wp-json\/wp\/v2\/users\/16"}],"replies":[{"embeddable":true,"href":"https:\/\/tarkett.com.br\/blog\/wp-json\/wp\/v2\/comments?post=4270"}],"version-history":[{"count":2,"href":"https:\/\/tarkett.com.br\/blog\/wp-json\/wp\/v2\/posts\/4270\/revisions"}],"predecessor-version":[{"id":4276,"href":"https:\/\/tarkett.com.br\/blog\/wp-json\/wp\/v2\/posts\/4270\/revisions\/4276"}],"wp:featuredmedia":[{"embeddable":true,"href":"https:\/\/tarkett.com.br\/blog\/wp-json\/wp\/v2\/media\/4273"}],"wp:attachment":[{"href":"https:\/\/tarkett.com.br\/blog\/wp-json\/wp\/v2\/media?parent=4270"}],"wp:term":[{"taxonomy":"category","embeddable":true,"href":"https:\/\/tarkett.com.br\/blog\/wp-json\/wp\/v2\/categories?post=4270"},{"taxonomy":"post_tag","embeddable":true,"href":"https:\/\/tarkett.com.br\/blog\/wp-json\/wp\/v2\/tags?post=4270"}],"curies":[{"name":"wp","href":"https:\/\/api.w.org\/{rel}","templated":true}]}}