{"id":3851,"date":"2024-01-17T14:21:40","date_gmt":"2024-01-17T17:21:40","guid":{"rendered":"https:\/\/tarkett.com.br\/blog\/?p=3851"},"modified":"2024-01-15T14:52:34","modified_gmt":"2024-01-15T17:52:34","slug":"cor-do-ano","status":"publish","type":"post","link":"https:\/\/tarkett.com.br\/blog\/cor-do-ano\/","title":{"rendered":"3 Composi\u00e7\u00f5es de piso vin\u00edlico com a cor do ano"},"content":{"rendered":"<p><i><span style=\"font-weight: 400;\">Conhe\u00e7a a cor de 2024 e saiba como aplic\u00e1-la na decora\u00e7\u00e3o<\/span><\/i><\/p>\n<p><span style=\"font-weight: 400;\">O <\/span><b>Instituto Pantone<\/b><span style=\"font-weight: 400;\">, l\u00edder mundial em tend\u00eancias de cores, anunciou a tonalidade <\/span><b>Peach Fuzz<\/b><span style=\"font-weight: 400;\"> como a <\/span><b>Cor do Ano de 2024<\/b><span style=\"font-weight: 400;\">. Esta tonalidade suave e envolvente promete influenciar uma enorme variedade de setores, desde moda e design de interiores at\u00e9 o mundo do entretenimento e ind\u00fastria.<\/span><\/p>\n<p><span style=\"font-weight: 400;\">O Peach Fuzz \u00e9 uma delicada mistura de tons de laranja e rosa em nuances suaves que materializa sensa\u00e7\u00f5es de calma, conforto e otimismo. Esta escolha reflete n\u00e3o apenas uma tend\u00eancia est\u00e9tica, mas tamb\u00e9m incorpora elementos emocionais e sociais que est\u00e3o em alta na sociedade.<\/span><\/p>\n<p><span style=\"font-weight: 400;\">E para voc\u00ea saber mais sobre a tonalidade Peach Fuzz e como ela pode ser utilizada na decora\u00e7\u00e3o, neste artigo do <\/span><a href=\"https:\/\/tarkett.com.br\/blog\"><b>Blog da Tarkett<\/b><\/a><span style=\"font-weight: 400;\"> vamos explicar tudo sobre a cor do ano 2024, desde como \u00e9 feita a escolha at\u00e9 como combin\u00e1-la com o seu piso vin\u00edlico. Vem com a gente!<\/span><\/p>\n<p><b>Como \u00e9 escolhida a cor do ano e o que ela dita de tend\u00eancia?<\/b><\/p>\n<p><span style=\"font-weight: 400;\">Em resumo, a escolha da Cor do Ano Pantone \u00e9 um processo multidisciplinar que envolve an\u00e1lise cultural, observa\u00e7\u00e3o de tend\u00eancias, consultas a especialistas e uma compreens\u00e3o profunda do estado atual do mundo.<\/span><\/p>\n<p><span style=\"font-weight: 400;\">Para projetar o que deve estar em alta na ind\u00fastria e todos os segmentos da cultura, s\u00e3o observadas de produ\u00e7\u00f5es fabris \u00e0 ind\u00fastria do entretenimento, filmes em produ\u00e7\u00e3o, cole\u00e7\u00f5es de arte, novos artistas, moda, \u00e1reas do design, tecnologia, bem como estilos de vida em alta, jogos e condi\u00e7\u00f5es socioecon\u00f4micas.<\/span><\/p>\n<p><span style=\"font-weight: 400;\">Al\u00e9m disso, a escolha de uma cor do ano muitas vezes transcende o mundo est\u00e9tico, refletindo preocupa\u00e7\u00f5es e aspira\u00e7\u00f5es mais profundas. O Peach Fuzz, com sua tonalidade suave e convidativa, pode ser interpretado como uma resposta \u00e0 busca por tranquilidade e bem-estar em um mundo em constante transforma\u00e7\u00e3o ap\u00f3s um 2023 conturbado.<\/span><\/p>\n<p><b>Combina\u00e7\u00e3o da Cor do Ano com piso vin\u00edlico<\/b><\/p>\n<p><span style=\"font-weight: 400;\">Incorporar a Cor do Ano na decora\u00e7\u00e3o pode adicionar um toque contempor\u00e2neo e mais aconchegante ao seu projeto. Por ser um tom delicado, o Peach Fuzz pode ser inserido de diferentes formas. Confira algumas delas:<\/span><span style=\"font-weight: 400;\"><br \/>\n<\/span><\/p>\n<figure id=\"attachment_3852\" aria-describedby=\"caption-attachment-3852\" style=\"width: 1000px\" class=\"wp-caption aligncenter\"><img loading=\"lazy\" decoding=\"async\" class=\"size-full wp-image-3852\" src=\"https:\/\/tarkett.com.br\/blog\/wp-content\/uploads\/2024\/01\/Linha-Ambienta-Colec\u0327a\u0303o-Stone-Piso-Vini\u0301lico-Cor-Veneza.png\" alt=\"\" width=\"1000\" height=\"1000\" srcset=\"https:\/\/tarkett.com.br\/blog\/wp-content\/uploads\/2024\/01\/Linha-Ambienta-Colec\u0327a\u0303o-Stone-Piso-Vini\u0301lico-Cor-Veneza.png 1000w, https:\/\/tarkett.com.br\/blog\/wp-content\/uploads\/2024\/01\/Linha-Ambienta-Colec\u0327a\u0303o-Stone-Piso-Vini\u0301lico-Cor-Veneza-300x300.png 300w, https:\/\/tarkett.com.br\/blog\/wp-content\/uploads\/2024\/01\/Linha-Ambienta-Colec\u0327a\u0303o-Stone-Piso-Vini\u0301lico-Cor-Veneza-150x150.png 150w, https:\/\/tarkett.com.br\/blog\/wp-content\/uploads\/2024\/01\/Linha-Ambienta-Colec\u0327a\u0303o-Stone-Piso-Vini\u0301lico-Cor-Veneza-768x768.png 768w, https:\/\/tarkett.com.br\/blog\/wp-content\/uploads\/2024\/01\/Linha-Ambienta-Colec\u0327a\u0303o-Stone-Piso-Vini\u0301lico-Cor-Veneza-370x370.png 370w, https:\/\/tarkett.com.br\/blog\/wp-content\/uploads\/2024\/01\/Linha-Ambienta-Colec\u0327a\u0303o-Stone-Piso-Vini\u0301lico-Cor-Veneza-90x90.png 90w, https:\/\/tarkett.com.br\/blog\/wp-content\/uploads\/2024\/01\/Linha-Ambienta-Colec\u0327a\u0303o-Stone-Piso-Vini\u0301lico-Cor-Veneza-760x760.png 760w\" sizes=\"auto, (max-width: 1000px) 100vw, 1000px\" \/><figcaption id=\"caption-attachment-3852\" class=\"wp-caption-text\">Linha Ambienta Cole\u00e7\u00e3o Stone &#8211; Piso Vin\u00edlico Cor Veneza<\/figcaption><\/figure>\n<p><b><\/b><\/p>\n<ul>\n<li aria-level=\"1\"><b>Tons terrosos e tons pastel\u00a0<\/b><\/li>\n<\/ul>\n<p><b><\/b><span style=\"font-weight: 400;\">Para a paleta de cores, voc\u00ea pode combin\u00e1-lo aos tons terrosos como terracota e marrom. Se preferir uma abordagem suave, combine a cor do ano com tons pastel, como rosa claro, azul suave e verde-oliva.<\/span><\/p>\n<figure id=\"attachment_3853\" aria-describedby=\"caption-attachment-3853\" style=\"width: 1000px\" class=\"wp-caption aligncenter\"><img loading=\"lazy\" decoding=\"async\" class=\"size-full wp-image-3853\" src=\"https:\/\/tarkett.com.br\/blog\/wp-content\/uploads\/2024\/01\/Linha-Essence-30-Piso-Vini\u0301lico-Cor-Alfazema.png\" alt=\"\" width=\"1000\" height=\"1000\" srcset=\"https:\/\/tarkett.com.br\/blog\/wp-content\/uploads\/2024\/01\/Linha-Essence-30-Piso-Vini\u0301lico-Cor-Alfazema.png 1000w, https:\/\/tarkett.com.br\/blog\/wp-content\/uploads\/2024\/01\/Linha-Essence-30-Piso-Vini\u0301lico-Cor-Alfazema-300x300.png 300w, https:\/\/tarkett.com.br\/blog\/wp-content\/uploads\/2024\/01\/Linha-Essence-30-Piso-Vini\u0301lico-Cor-Alfazema-150x150.png 150w, https:\/\/tarkett.com.br\/blog\/wp-content\/uploads\/2024\/01\/Linha-Essence-30-Piso-Vini\u0301lico-Cor-Alfazema-768x768.png 768w, https:\/\/tarkett.com.br\/blog\/wp-content\/uploads\/2024\/01\/Linha-Essence-30-Piso-Vini\u0301lico-Cor-Alfazema-370x370.png 370w, https:\/\/tarkett.com.br\/blog\/wp-content\/uploads\/2024\/01\/Linha-Essence-30-Piso-Vini\u0301lico-Cor-Alfazema-90x90.png 90w, https:\/\/tarkett.com.br\/blog\/wp-content\/uploads\/2024\/01\/Linha-Essence-30-Piso-Vini\u0301lico-Cor-Alfazema-760x760.png 760w\" sizes=\"auto, (max-width: 1000px) 100vw, 1000px\" \/><figcaption id=\"caption-attachment-3853\" class=\"wp-caption-text\">Linha Essence 30 &#8211; Piso Vini\u0301lico Cor Alfazema<\/figcaption><\/figure>\n<ul>\n<li aria-level=\"1\"><b>Cor do ano como destaque na base neutra<\/b><\/li>\n<\/ul>\n<p><span style=\"font-weight: 400;\">J\u00e1 se quiser dar destaque a tonalidade, utilize o Peach Fuzz em uma decora\u00e7\u00e3o de base neutra, com tons como branco, cinza ou bege. Essa proposta ir\u00e1 criar um ambiente sofisticado e equilibrado.<\/span><\/p>\n<p><span style=\"font-weight: 400;\">Sendo assim, a cor do ano pode ser aplicada como ponto focal no ambiente, seja por meio de uma poltrona, jogo de cama ou at\u00e9 mesmo objetos decorativos. Outra boa escolha \u00e9 apostar no Peach Fuzz como destaque em uma parede inteira ou combinada \u00e0 marcenaria.<\/span><\/p>\n<figure id=\"attachment_3854\" aria-describedby=\"caption-attachment-3854\" style=\"width: 1000px\" class=\"wp-caption alignnone\"><img loading=\"lazy\" decoding=\"async\" class=\"size-full wp-image-3854\" src=\"https:\/\/tarkett.com.br\/blog\/wp-content\/uploads\/2024\/01\/Linha-Injoy-Piso-Vini\u0301lico-Cor-Papoula.png\" alt=\"\" width=\"1000\" height=\"1000\" srcset=\"https:\/\/tarkett.com.br\/blog\/wp-content\/uploads\/2024\/01\/Linha-Injoy-Piso-Vini\u0301lico-Cor-Papoula.png 1000w, https:\/\/tarkett.com.br\/blog\/wp-content\/uploads\/2024\/01\/Linha-Injoy-Piso-Vini\u0301lico-Cor-Papoula-300x300.png 300w, https:\/\/tarkett.com.br\/blog\/wp-content\/uploads\/2024\/01\/Linha-Injoy-Piso-Vini\u0301lico-Cor-Papoula-150x150.png 150w, https:\/\/tarkett.com.br\/blog\/wp-content\/uploads\/2024\/01\/Linha-Injoy-Piso-Vini\u0301lico-Cor-Papoula-768x768.png 768w, https:\/\/tarkett.com.br\/blog\/wp-content\/uploads\/2024\/01\/Linha-Injoy-Piso-Vini\u0301lico-Cor-Papoula-370x370.png 370w, https:\/\/tarkett.com.br\/blog\/wp-content\/uploads\/2024\/01\/Linha-Injoy-Piso-Vini\u0301lico-Cor-Papoula-90x90.png 90w, https:\/\/tarkett.com.br\/blog\/wp-content\/uploads\/2024\/01\/Linha-Injoy-Piso-Vini\u0301lico-Cor-Papoula-760x760.png 760w\" sizes=\"auto, (max-width: 1000px) 100vw, 1000px\" \/><figcaption id=\"caption-attachment-3854\" class=\"wp-caption-text\">Linha Injoy &#8211; Piso Vini\u0301lico Cor Papoula<\/figcaption><\/figure>\n<ul>\n<li aria-level=\"1\"><b>Peach Fuzz combinada ao vin\u00edlico amadeirado<\/b><\/li>\n<\/ul>\n<p><span style=\"font-weight: 400;\">Para harmonizar com o piso vin\u00edlico, aposte nas op\u00e7\u00f5es amadeiradas da Tarkett, principalmente nas tonalidades m\u00e9dias e claras. Com essa op\u00e7\u00e3o, al\u00e9m de equilibrar a paleta, voc\u00ea ir\u00e1 ampliar a sensa\u00e7\u00e3o de acolhimento no ambiente.<\/span><\/p>\n<p><b>E voc\u00ea, j\u00e1 conhecia todas essas op\u00e7\u00f5es de combina\u00e7\u00e3o da Cor do Ano 2024? Comente aqui o que acho da escolha e aproveite para conferir todas nossas op\u00e7\u00f5es de <\/b><a href=\"https:\/\/tarkett.com.br\/segmentos\/residencial\" target=\"_blank\" rel=\"noopener\"><b>pisos vin\u00edlicos residenciais<\/b><\/a><b> em nosso site!<\/b><\/p>\n<p>&nbsp;<\/p>\n","protected":false},"excerpt":{"rendered":"<p>Conhe\u00e7a a cor de 2024 e saiba como aplic\u00e1-la na decora\u00e7\u00e3o O Instituto Pantone, l\u00edder mundial em tend\u00eancias de cores, anunciou a tonalidade Peach Fuzz como a Cor do Ano&hellip;<\/p>\n","protected":false},"author":16,"featured_media":3854,"comment_status":"open","ping_status":"open","sticky":false,"template":"","format":"standard","meta":{"footnotes":""},"categories":[3],"tags":[],"class_list":["post-3851","post","type-post","status-publish","format-standard","has-post-thumbnail","hentry","category-decoracao"],"yoast_head":"<!-- This site is optimized with the Yoast SEO plugin v24.3 - https:\/\/yoast.com\/wordpress\/plugins\/seo\/ -->\n<title>3 Composi\u00e7\u00f5es de piso vin\u00edlico com a cor do ano - Blog Tarkett<\/title>\n<meta name=\"description\" content=\"O Instituto Pantone, l\u00edder mundial em tend\u00eancias de cores, anunciou a tonalidade Peach Fuzz como a Cor do Ano de 2024.\" \/>\n<meta name=\"robots\" content=\"index, follow, max-snippet:-1, max-image-preview:large, max-video-preview:-1\" \/>\n<link rel=\"canonical\" href=\"https:\/\/tarkett.com.br\/blog\/cor-do-ano\/\" \/>\n<meta property=\"og:locale\" content=\"pt_BR\" \/>\n<meta property=\"og:type\" content=\"article\" \/>\n<meta property=\"og:title\" content=\"3 Composi\u00e7\u00f5es de piso vin\u00edlico com a cor do ano - Blog Tarkett\" \/>\n<meta property=\"og:description\" content=\"O Instituto Pantone, l\u00edder mundial em tend\u00eancias de cores, anunciou a tonalidade Peach Fuzz como a Cor do Ano de 2024.\" \/>\n<meta property=\"og:url\" content=\"https:\/\/tarkett.com.br\/blog\/cor-do-ano\/\" \/>\n<meta property=\"og:site_name\" content=\"Blog Tarkett\" \/>\n<meta property=\"article:published_time\" content=\"2024-01-17T17:21:40+00:00\" \/>\n<meta property=\"article:modified_time\" content=\"2024-01-15T17:52:34+00:00\" \/>\n<meta property=\"og:image\" content=\"https:\/\/tarkett.com.br\/blog\/wp-content\/uploads\/2024\/01\/Linha-Injoy-Piso-Vini\u0301lico-Cor-Papoula.png\" \/>\n\t<meta property=\"og:image:width\" content=\"1000\" \/>\n\t<meta property=\"og:image:height\" content=\"1000\" \/>\n\t<meta property=\"og:image:type\" content=\"image\/png\" \/>\n<meta name=\"author\" content=\"admin\" \/>\n<meta name=\"twitter:card\" content=\"summary_large_image\" \/>\n<meta name=\"twitter:label1\" content=\"Escrito por\" \/>\n\t<meta name=\"twitter:data1\" content=\"admin\" \/>\n\t<meta name=\"twitter:label2\" content=\"Est. tempo de leitura\" \/>\n\t<meta name=\"twitter:data2\" content=\"4 minutos\" \/>\n<script type=\"application\/ld+json\" class=\"yoast-schema-graph\">{\"@context\":\"https:\/\/schema.org\",\"@graph\":[{\"@type\":\"WebPage\",\"@id\":\"https:\/\/tarkett.com.br\/blog\/cor-do-ano\/\",\"url\":\"https:\/\/tarkett.com.br\/blog\/cor-do-ano\/\",\"name\":\"3 Composi\u00e7\u00f5es de piso vin\u00edlico com a cor do ano - Blog Tarkett\",\"isPartOf\":{\"@id\":\"https:\/\/tarkett.com.br\/blog\/#website\"},\"primaryImageOfPage\":{\"@id\":\"https:\/\/tarkett.com.br\/blog\/cor-do-ano\/#primaryimage\"},\"image\":{\"@id\":\"https:\/\/tarkett.com.br\/blog\/cor-do-ano\/#primaryimage\"},\"thumbnailUrl\":\"https:\/\/tarkett.com.br\/blog\/wp-content\/uploads\/2024\/01\/Linha-Injoy-Piso-Vini\u0301lico-Cor-Papoula.png\",\"datePublished\":\"2024-01-17T17:21:40+00:00\",\"dateModified\":\"2024-01-15T17:52:34+00:00\",\"author\":{\"@id\":\"https:\/\/tarkett.com.br\/blog\/#\/schema\/person\/b67fc14052530ea1d55e11fef50f7910\"},\"description\":\"O Instituto Pantone, l\u00edder mundial em tend\u00eancias de cores, anunciou a tonalidade Peach Fuzz como a Cor do Ano de 2024.\",\"breadcrumb\":{\"@id\":\"https:\/\/tarkett.com.br\/blog\/cor-do-ano\/#breadcrumb\"},\"inLanguage\":\"pt-BR\",\"potentialAction\":[{\"@type\":\"ReadAction\",\"target\":[\"https:\/\/tarkett.com.br\/blog\/cor-do-ano\/\"]}]},{\"@type\":\"ImageObject\",\"inLanguage\":\"pt-BR\",\"@id\":\"https:\/\/tarkett.com.br\/blog\/cor-do-ano\/#primaryimage\",\"url\":\"https:\/\/tarkett.com.br\/blog\/wp-content\/uploads\/2024\/01\/Linha-Injoy-Piso-Vini\u0301lico-Cor-Papoula.png\",\"contentUrl\":\"https:\/\/tarkett.com.br\/blog\/wp-content\/uploads\/2024\/01\/Linha-Injoy-Piso-Vini\u0301lico-Cor-Papoula.png\",\"width\":1000,\"height\":1000,\"caption\":\"Linha Injoy - Piso Vini\u0301lico Cor Papoula\"},{\"@type\":\"BreadcrumbList\",\"@id\":\"https:\/\/tarkett.com.br\/blog\/cor-do-ano\/#breadcrumb\",\"itemListElement\":[{\"@type\":\"ListItem\",\"position\":1,\"name\":\"Home\",\"item\":\"https:\/\/tarkett.com.br\/blog\/\"},{\"@type\":\"ListItem\",\"position\":2,\"name\":\"3 Composi\u00e7\u00f5es de piso vin\u00edlico com a cor do ano\"}]},{\"@type\":\"WebSite\",\"@id\":\"https:\/\/tarkett.com.br\/blog\/#website\",\"url\":\"https:\/\/tarkett.com.br\/blog\/\",\"name\":\"Blog Tarkett\",\"description\":\"Tarkett - L\u00edder mundial em pisos vin\u00edlicos\",\"potentialAction\":[{\"@type\":\"SearchAction\",\"target\":{\"@type\":\"EntryPoint\",\"urlTemplate\":\"https:\/\/tarkett.com.br\/blog\/?s={search_term_string}\"},\"query-input\":{\"@type\":\"PropertyValueSpecification\",\"valueRequired\":true,\"valueName\":\"search_term_string\"}}],\"inLanguage\":\"pt-BR\"},{\"@type\":\"Person\",\"@id\":\"https:\/\/tarkett.com.br\/blog\/#\/schema\/person\/b67fc14052530ea1d55e11fef50f7910\",\"name\":\"admin\",\"image\":{\"@type\":\"ImageObject\",\"inLanguage\":\"pt-BR\",\"@id\":\"https:\/\/tarkett.com.br\/blog\/#\/schema\/person\/image\/\",\"url\":\"https:\/\/secure.gravatar.com\/avatar\/a7e080ef13e6a4c50d6f3fe512e2ae577134663a8cd649e8c8f85432ec83a5e6?s=96&d=mm&r=g\",\"contentUrl\":\"https:\/\/secure.gravatar.com\/avatar\/a7e080ef13e6a4c50d6f3fe512e2ae577134663a8cd649e8c8f85432ec83a5e6?s=96&d=mm&r=g\",\"caption\":\"admin\"},\"url\":\"https:\/\/tarkett.com.br\/blog\/author\/admin\/\"}]}<\/script>\n<!-- \/ Yoast SEO plugin. -->","yoast_head_json":{"title":"3 Composi\u00e7\u00f5es de piso vin\u00edlico com a cor do ano - Blog Tarkett","description":"O Instituto Pantone, l\u00edder mundial em tend\u00eancias de cores, anunciou a tonalidade Peach Fuzz como a Cor do Ano de 2024.","robots":{"index":"index","follow":"follow","max-snippet":"max-snippet:-1","max-image-preview":"max-image-preview:large","max-video-preview":"max-video-preview:-1"},"canonical":"https:\/\/tarkett.com.br\/blog\/cor-do-ano\/","og_locale":"pt_BR","og_type":"article","og_title":"3 Composi\u00e7\u00f5es de piso vin\u00edlico com a cor do ano - Blog Tarkett","og_description":"O Instituto Pantone, l\u00edder mundial em tend\u00eancias de cores, anunciou a tonalidade Peach Fuzz como a Cor do Ano de 2024.","og_url":"https:\/\/tarkett.com.br\/blog\/cor-do-ano\/","og_site_name":"Blog Tarkett","article_published_time":"2024-01-17T17:21:40+00:00","article_modified_time":"2024-01-15T17:52:34+00:00","og_image":[{"width":1000,"height":1000,"url":"https:\/\/tarkett.com.br\/blog\/wp-content\/uploads\/2024\/01\/Linha-Injoy-Piso-Vini\u0301lico-Cor-Papoula.png","type":"image\/png"}],"author":"admin","twitter_card":"summary_large_image","twitter_misc":{"Escrito por":"admin","Est. tempo de leitura":"4 minutos"},"schema":{"@context":"https:\/\/schema.org","@graph":[{"@type":"WebPage","@id":"https:\/\/tarkett.com.br\/blog\/cor-do-ano\/","url":"https:\/\/tarkett.com.br\/blog\/cor-do-ano\/","name":"3 Composi\u00e7\u00f5es de piso vin\u00edlico com a cor do ano - Blog Tarkett","isPartOf":{"@id":"https:\/\/tarkett.com.br\/blog\/#website"},"primaryImageOfPage":{"@id":"https:\/\/tarkett.com.br\/blog\/cor-do-ano\/#primaryimage"},"image":{"@id":"https:\/\/tarkett.com.br\/blog\/cor-do-ano\/#primaryimage"},"thumbnailUrl":"https:\/\/tarkett.com.br\/blog\/wp-content\/uploads\/2024\/01\/Linha-Injoy-Piso-Vini\u0301lico-Cor-Papoula.png","datePublished":"2024-01-17T17:21:40+00:00","dateModified":"2024-01-15T17:52:34+00:00","author":{"@id":"https:\/\/tarkett.com.br\/blog\/#\/schema\/person\/b67fc14052530ea1d55e11fef50f7910"},"description":"O Instituto Pantone, l\u00edder mundial em tend\u00eancias de cores, anunciou a tonalidade Peach Fuzz como a Cor do Ano de 2024.","breadcrumb":{"@id":"https:\/\/tarkett.com.br\/blog\/cor-do-ano\/#breadcrumb"},"inLanguage":"pt-BR","potentialAction":[{"@type":"ReadAction","target":["https:\/\/tarkett.com.br\/blog\/cor-do-ano\/"]}]},{"@type":"ImageObject","inLanguage":"pt-BR","@id":"https:\/\/tarkett.com.br\/blog\/cor-do-ano\/#primaryimage","url":"https:\/\/tarkett.com.br\/blog\/wp-content\/uploads\/2024\/01\/Linha-Injoy-Piso-Vini\u0301lico-Cor-Papoula.png","contentUrl":"https:\/\/tarkett.com.br\/blog\/wp-content\/uploads\/2024\/01\/Linha-Injoy-Piso-Vini\u0301lico-Cor-Papoula.png","width":1000,"height":1000,"caption":"Linha Injoy - Piso Vini\u0301lico Cor Papoula"},{"@type":"BreadcrumbList","@id":"https:\/\/tarkett.com.br\/blog\/cor-do-ano\/#breadcrumb","itemListElement":[{"@type":"ListItem","position":1,"name":"Home","item":"https:\/\/tarkett.com.br\/blog\/"},{"@type":"ListItem","position":2,"name":"3 Composi\u00e7\u00f5es de piso vin\u00edlico com a cor do ano"}]},{"@type":"WebSite","@id":"https:\/\/tarkett.com.br\/blog\/#website","url":"https:\/\/tarkett.com.br\/blog\/","name":"Blog Tarkett","description":"Tarkett - L\u00edder mundial em pisos vin\u00edlicos","potentialAction":[{"@type":"SearchAction","target":{"@type":"EntryPoint","urlTemplate":"https:\/\/tarkett.com.br\/blog\/?s={search_term_string}"},"query-input":{"@type":"PropertyValueSpecification","valueRequired":true,"valueName":"search_term_string"}}],"inLanguage":"pt-BR"},{"@type":"Person","@id":"https:\/\/tarkett.com.br\/blog\/#\/schema\/person\/b67fc14052530ea1d55e11fef50f7910","name":"admin","image":{"@type":"ImageObject","inLanguage":"pt-BR","@id":"https:\/\/tarkett.com.br\/blog\/#\/schema\/person\/image\/","url":"https:\/\/secure.gravatar.com\/avatar\/a7e080ef13e6a4c50d6f3fe512e2ae577134663a8cd649e8c8f85432ec83a5e6?s=96&d=mm&r=g","contentUrl":"https:\/\/secure.gravatar.com\/avatar\/a7e080ef13e6a4c50d6f3fe512e2ae577134663a8cd649e8c8f85432ec83a5e6?s=96&d=mm&r=g","caption":"admin"},"url":"https:\/\/tarkett.com.br\/blog\/author\/admin\/"}]}},"_links":{"self":[{"href":"https:\/\/tarkett.com.br\/blog\/wp-json\/wp\/v2\/posts\/3851","targetHints":{"allow":["GET"]}}],"collection":[{"href":"https:\/\/tarkett.com.br\/blog\/wp-json\/wp\/v2\/posts"}],"about":[{"href":"https:\/\/tarkett.com.br\/blog\/wp-json\/wp\/v2\/types\/post"}],"author":[{"embeddable":true,"href":"https:\/\/tarkett.com.br\/blog\/wp-json\/wp\/v2\/users\/16"}],"replies":[{"embeddable":true,"href":"https:\/\/tarkett.com.br\/blog\/wp-json\/wp\/v2\/comments?post=3851"}],"version-history":[{"count":1,"href":"https:\/\/tarkett.com.br\/blog\/wp-json\/wp\/v2\/posts\/3851\/revisions"}],"predecessor-version":[{"id":3855,"href":"https:\/\/tarkett.com.br\/blog\/wp-json\/wp\/v2\/posts\/3851\/revisions\/3855"}],"wp:featuredmedia":[{"embeddable":true,"href":"https:\/\/tarkett.com.br\/blog\/wp-json\/wp\/v2\/media\/3854"}],"wp:attachment":[{"href":"https:\/\/tarkett.com.br\/blog\/wp-json\/wp\/v2\/media?parent=3851"}],"wp:term":[{"taxonomy":"category","embeddable":true,"href":"https:\/\/tarkett.com.br\/blog\/wp-json\/wp\/v2\/categories?post=3851"},{"taxonomy":"post_tag","embeddable":true,"href":"https:\/\/tarkett.com.br\/blog\/wp-json\/wp\/v2\/tags?post=3851"}],"curies":[{"name":"wp","href":"https:\/\/api.w.org\/{rel}","templated":true}]}}